{"id":2047,"date":"2022-01-10T20:24:40","date_gmt":"2022-01-10T19:24:40","guid":{"rendered":"https:\/\/frederic-clot.com\/?p=2047"},"modified":"2024-01-28T16:55:14","modified_gmt":"2024-01-28T15:55:14","slug":"artgeneve-03-6-03-2022-palexpo-geneve","status":"publish","type":"post","link":"https:\/\/www.frederic-clot.com\/?p=2047","title":{"rendered":"artgen\u00e8ve \/ 03-6.03.2022 \/ Palexpo Gen\u00e8ve"},"content":{"rendered":"\n<h2 class=\"wp-block-heading\"><strong>le salon<\/strong><\/h2>\n\n\n\n<p>En dix ann\u00e9es de d\u00e9veloppement et de consolidation continus,&nbsp;<em>artgen\u00e8ve&nbsp;<\/em>a su \u00e9tablir dans l\u2019arc l\u00e9manique un salon d\u2019art contemporain et d\u2019art moderne de premi\u00e8re qualit\u00e9 qui rencontre un \u00e9cho international.<br><em>artgen\u00e8ve&nbsp;<\/em>accueille des galeries internationales et consacre aussi une large place \u00e0 des collections institutionnelles et priv\u00e9es ainsi qu\u2019\u00e0 des espaces ind\u00e9pendants et des commissaires d\u2019exposition, convaincu du dynamisme qui peut na\u00eetre du dialogue entre galeries et institutions.<\/p>\n\n\n\n<p>La dixi\u00e8me \u00e9dition du salon aura lieu du 3 au 6 mars 2022.<\/p>\n\n\n\n<p>Prenant place dans des cadres raffin\u00e9s et \u00e0 taille humaine, les salons d\u2019art sont \u00e0 l\u2019image de leurs lieux : agr\u00e9ables et au rayonnement international.<\/p>\n\n\n\n<p>Thomas Hug<\/p>\n\n\n\n<h2 class=\"wp-block-heading\"><strong>\u00e9quipe &amp; comit\u00e9s<\/strong><\/h2>\n\n\n\n<p><strong>directeur <\/strong><br>Thomas Hug<\/p>\n\n\n\n<p><strong>co-directrice <\/strong><br>Laura Meillet<\/p>\n\n\n\n<p><strong>comit\u00e9 de s\u00e9lection:<\/strong><\/p>\n\n\n\n<p>Pierpaolo Falone<br>Galeria Franco Noero, Turin<br>Karin Handlbauer<br>Mezzanin, Vienne, Gen\u00e8ve<br>Laetitia Catoir<br>Hauser&amp;Wirth, Londres<br>S\u00e9bastien Bertrand<br>Galerie S\u00e9bastien Bertrand, Gen\u00e8ve<br>Nina Koidl-Weidemann<br>Capitain Petzel, Berlin<\/p>\n\n\n\n<p><strong><a href=\"https:\/\/artgeneve.ch\/fr\/prix-solo-artgeneve-fp-journe\">prix solo artgen\u00e8ve \u2013 F.P.Journe<\/a><br><\/strong>Lionel Bovier, MAMCO Gen\u00e8ve<br>Hans Ulrich Obrist, Serpentine Galleries<br>Michael Ringier, Collection Ringier<\/p>\n\n\n\n<p><strong>curateur<br><\/strong>Samuel Gross<\/p>\n\n\n\n<p><strong>relations VIP &amp; presse<br><\/strong>Charlotte Diwan<\/p>\n\n\n\n<p><strong>coordinatrice de projet<br><\/strong>Aude Rouvinez<\/p>\n\n\n\n<p><strong>projets urbains<br><\/strong>Michael Goodchild<\/p>\n\n\n\n<p><strong>identit\u00e9 visuelle<br><\/strong>Jons Vukorep<\/p>\n\n\n\n<blockquote class=\"wp-block-quote is-layout-flow wp-block-quote-is-layout-flow\"><p>Source : https:\/\/artgeneve.ch\/a-propos\/<\/p><\/blockquote>\n","protected":false},"excerpt":{"rendered":"<p>le salon En dix ann\u00e9es de d\u00e9veloppement et de consolidation continus,&nbsp;artgen\u00e8ve&nbsp;a su \u00e9tablir dans l\u2019arc&#8230;<\/p>\n","protected":false},"author":1,"featured_media":2048,"comment_status":"closed","ping_status":"closed","sticky":false,"template":"","format":"standard","meta":{"rs_blank_template":"","rs_page_bg_color":"","slide_template_v7":"","footnotes":""},"categories":[1],"tags":[],"class_list":["post-2047","post","type-post","status-publish","format-standard","has-post-thumbnail","hentry","category-non-classe"],"_links":{"self":[{"href":"https:\/\/www.frederic-clot.com\/index.php?rest_route=\/wp\/v2\/posts\/2047","targetHints":{"allow":["GET"]}}],"collection":[{"href":"https:\/\/www.frederic-clot.com\/index.php?rest_route=\/wp\/v2\/posts"}],"about":[{"href":"https:\/\/www.frederic-clot.com\/index.php?rest_route=\/wp\/v2\/types\/post"}],"author":[{"embeddable":true,"href":"https:\/\/www.frederic-clot.com\/index.php?rest_route=\/wp\/v2\/users\/1"}],"replies":[{"embeddable":true,"href":"https:\/\/www.frederic-clot.com\/index.php?rest_route=%2Fwp%2Fv2%2Fcomments&post=2047"}],"version-history":[{"count":4,"href":"https:\/\/www.frederic-clot.com\/index.php?rest_route=\/wp\/v2\/posts\/2047\/revisions"}],"predecessor-version":[{"id":2054,"href":"https:\/\/www.frederic-clot.com\/index.php?rest_route=\/wp\/v2\/posts\/2047\/revisions\/2054"}],"wp:featuredmedia":[{"embeddable":true,"href":"https:\/\/www.frederic-clot.com\/index.php?rest_route=\/wp\/v2\/media\/2048"}],"wp:attachment":[{"href":"https:\/\/www.frederic-clot.com\/index.php?rest_route=%2Fwp%2Fv2%2Fmedia&parent=2047"}],"wp:term":[{"taxonomy":"category","embeddable":true,"href":"https:\/\/www.frederic-clot.com\/index.php?rest_route=%2Fwp%2Fv2%2Fcategories&post=2047"},{"taxonomy":"post_tag","embeddable":true,"href":"https:\/\/www.frederic-clot.com\/index.php?rest_route=%2Fwp%2Fv2%2Ftags&post=2047"}],"curies":[{"name":"wp","href":"https:\/\/api.w.org\/{rel}","templated":true}]}}