{"id":2059,"date":"2021-10-01T20:51:00","date_gmt":"2021-10-01T18:51:00","guid":{"rendered":"https:\/\/frederic-clot.com\/?p=2059"},"modified":"2024-01-28T16:55:18","modified_gmt":"2024-01-28T15:55:18","slug":"xxl-le-dessin-en-grand-15-octobre-2021-au-27-fevrier-2022-musee-jenisch-vevey","status":"publish","type":"post","link":"https:\/\/www.frederic-clot.com\/?p=2059","title":{"rendered":"XXL &#8211; Le dessin en grand  &#8211; 15 octobre 2021 au 27 f\u00e9vrier 2022 &#8211; Mus\u00e9e Jenisch Vevey"},"content":{"rendered":"\n<p><\/p>\n\n\n\n<p>L\u2019exposition, consacr\u00e9e au dessin contemporain de grand format, r\u00e9unit pr\u00e8s d&#8217;une trentaine d&#8217;artistes qui accordent une place privil\u00e9gi\u00e9e \u00e0 ce m\u00e9dium. Qu\u2019implique pour l\u2019artiste de dessiner en grand \u2013&nbsp;<em>in situ<\/em>, sur papier, voire sur d\u2019autres supports&nbsp;\u2013 et d\u2019explorer les limites de sa cr\u00e9ation&nbsp;? Qu\u2019implique pour le visiteur d\u2019\u00eatre plong\u00e9 dans la monumentalit\u00e9 du dessin, autrefois esquisse, discret, intime. L\u2019exposition interroge le statut du dessin aujourd\u2019hui et ses potentialit\u00e9s quand il se d\u00e9ploie dans des dimensions in\u00e9dites.<\/p>\n\n\n\n<p>Une exposition sous le commissariat de Nathalie Chaix, directrice, et de Pamella Guerdat, conservatrice adjointe Beaux-Arts<\/p>\n\n\n\n<p>Pierre Alechinsky<br>Marc Bauer&nbsp;<br>Pascal Berthoud<br>C\u00e9line Burnand<br>Fr\u00e9d\u00e9ric Clot<br>Claude Cortinovis<br>Jean Crotti<br>Nicolas Fournier<br>Andrea Gabutti<br>Marcel G\u00e4hler&nbsp;<br>Delphine Gigoux-Martin<br>Hipkiss<br>Markus et Reto Huber, dit huber.huber<br>Alain Huck<br>Martial Leiter<br>Ana\u00efs Leli\u00e8vre&nbsp;<br>Mingjun Luo<br>Jean-Fran\u00e7ois Luthy<br>Line Marquis&nbsp;<br>Ariane&nbsp;Monod<br>Guy Oberson<br>Sandrine Pelletier<br>Jo\u00ebl Person<br>Fran\u00e7oise P\u00e9trovitch<br>Anne Peverelli<br>Fran\u00e7ois R\u00e9au<br>Didier Rittener<br>Isabelle Schiper<br>Ante Timmermans<br>Rinus Van de Velde<br>Emmanuel W\u00fcthrich<br>J\u00e9r\u00f4me Zonder<\/p>\n\n\n\n<p><\/p>\n\n\n\n<p><\/p>\n\n\n\n<p><\/p>\n\n\n\n<p><\/p>\n\n\n\n<p><\/p>\n\n\n\n<p><\/p>\n","protected":false},"excerpt":{"rendered":"<p>L\u2019exposition, consacr\u00e9e au dessin contemporain de grand format, r\u00e9unit pr\u00e8s d&#8217;une trentaine d&#8217;artistes qui accordent&#8230;<\/p>\n","protected":false},"author":1,"featured_media":0,"comment_status":"closed","ping_status":"closed","sticky":false,"template":"","format":"standard","meta":{"rs_blank_template":"","rs_page_bg_color":"","slide_template_v7":"","footnotes":""},"categories":[1],"tags":[],"class_list":["post-2059","post","type-post","status-publish","format-standard","hentry","category-non-classe"],"_links":{"self":[{"href":"https:\/\/www.frederic-clot.com\/index.php?rest_route=\/wp\/v2\/posts\/2059","targetHints":{"allow":["GET"]}}],"collection":[{"href":"https:\/\/www.frederic-clot.com\/index.php?rest_route=\/wp\/v2\/posts"}],"about":[{"href":"https:\/\/www.frederic-clot.com\/index.php?rest_route=\/wp\/v2\/types\/post"}],"author":[{"embeddable":true,"href":"https:\/\/www.frederic-clot.com\/index.php?rest_route=\/wp\/v2\/users\/1"}],"replies":[{"embeddable":true,"href":"https:\/\/www.frederic-clot.com\/index.php?rest_route=%2Fwp%2Fv2%2Fcomments&post=2059"}],"version-history":[{"count":2,"href":"https:\/\/www.frederic-clot.com\/index.php?rest_route=\/wp\/v2\/posts\/2059\/revisions"}],"predecessor-version":[{"id":2061,"href":"https:\/\/www.frederic-clot.com\/index.php?rest_route=\/wp\/v2\/posts\/2059\/revisions\/2061"}],"wp:attachment":[{"href":"https:\/\/www.frederic-clot.com\/index.php?rest_route=%2Fwp%2Fv2%2Fmedia&parent=2059"}],"wp:term":[{"taxonomy":"category","embeddable":true,"href":"https:\/\/www.frederic-clot.com\/index.php?rest_route=%2Fwp%2Fv2%2Fcategories&post=2059"},{"taxonomy":"post_tag","embeddable":true,"href":"https:\/\/www.frederic-clot.com\/index.php?rest_route=%2Fwp%2Fv2%2Ftags&post=2059"}],"curies":[{"name":"wp","href":"https:\/\/api.w.org\/{rel}","templated":true}]}}