{"id":2206,"date":"2022-05-18T20:34:11","date_gmt":"2022-05-18T18:34:11","guid":{"rendered":"https:\/\/frederic-clot.com\/?p=2206"},"modified":"2024-01-28T16:55:03","modified_gmt":"2024-01-28T15:55:03","slug":"musee-jenisch-vevey-achats-dart","status":"publish","type":"post","link":"https:\/\/www.frederic-clot.com\/?p=2206","title":{"rendered":"Mus\u00e9e Jenisch Vevey &#8211; Nouvelle acquisition"},"content":{"rendered":"\n<p>Pr\u00e9sent\u00e9e au public \u00e0 l\u2019occasion de l\u2019exposition&nbsp;<a href=\"https:\/\/museejenisch.ch\/expositions\/xxl-le-dessin-en-grand\/\" target=\"_blank\" rel=\"noreferrer noopener\"><em>XXL &#8211; Le dessin en grand<\/em><\/a>, ce dessin monumental a \u00e9t\u00e9 acquis par le Mus\u00e9e Jenisch Vevey et est officiellement entr\u00e9 dans les collections en f\u00e9vrier 2022.<\/p>\n\n\n\n<p><em>Antichambre (ou La Grande Collection)<\/em>&nbsp;fait partie d\u2019une s\u00e9rie de dix dessins monumentaux inspir\u00e9s des d\u00e9couvertes que l\u2019artiste a faites au Mus\u00e9e des Beaux-Arts de Lisbonne o\u00f9 il vivait il y a dix ans. \u00c0 cette p\u00e9riode, Fr\u00e9d\u00e9ric Clot dessinait des for\u00eats br\u00e9siliennes et des \u00e9difices de style manu\u00e9lin emplis d\u2019objets et de gargouilles trans-temporelles. Dans Antichambre (ou La Grande Collection), il remplace les d\u00e9cors originaux de l\u2019int\u00e9rieur d\u2019un lieu de culte de style baroque en remplissant les niches, les murs ou les coupoles de figures diverses semblant provenir d\u2019un cabinet de curiosit\u00e9s d\u2019aujourd\u2019hui, comme une forme de syncr\u00e9tisme culturel. L\u2019artiste projette des esquisses pr\u00e9paratoires afin d\u2019\u00e9tablir une perspective et couvrir les espaces avec du graphite gras. L\u2019\u0153uvre impose au spectateur de rester au sein de cette architecture et de s\u2019accommoder du&nbsp; cort\u00e8ge de formes animales et v\u00e9g\u00e9tales qu\u2019elle pr\u00e9sente avant de pouvoir traverser le dessin pour se trouver dans un ailleurs.<\/p>\n\n\n\n<p><br>Fr\u00e9d\u00e9ric Clot a con\u00e7u la pi\u00e8ce&nbsp;<em>Antichambre (ou La Grande Collection)<\/em>&nbsp;dans son atelier-appartement de Lisbonne et l\u2019a termin\u00e9e de retour en Suisse, dans son atelier \u00e0 \u00c9pendes, la t\u00eate envahie par la multiculturalit\u00e9 propre \u00e0 \u00ab\u2009la ville monde\u2009\u00bb.<\/p>\n","protected":false},"excerpt":{"rendered":"<p>Pr\u00e9sent\u00e9e au public \u00e0 l\u2019occasion de l\u2019exposition&nbsp;XXL &#8211; Le dessin en grand, ce dessin monumental&#8230;<\/p>\n","protected":false},"author":1,"featured_media":2207,"comment_status":"closed","ping_status":"closed","sticky":false,"template":"","format":"standard","meta":{"rs_blank_template":"","rs_page_bg_color":"","slide_template_v7":"","footnotes":""},"categories":[1],"tags":[],"class_list":["post-2206","post","type-post","status-publish","format-standard","has-post-thumbnail","hentry","category-non-classe"],"_links":{"self":[{"href":"https:\/\/www.frederic-clot.com\/index.php?rest_route=\/wp\/v2\/posts\/2206","targetHints":{"allow":["GET"]}}],"collection":[{"href":"https:\/\/www.frederic-clot.com\/index.php?rest_route=\/wp\/v2\/posts"}],"about":[{"href":"https:\/\/www.frederic-clot.com\/index.php?rest_route=\/wp\/v2\/types\/post"}],"author":[{"embeddable":true,"href":"https:\/\/www.frederic-clot.com\/index.php?rest_route=\/wp\/v2\/users\/1"}],"replies":[{"embeddable":true,"href":"https:\/\/www.frederic-clot.com\/index.php?rest_route=%2Fwp%2Fv2%2Fcomments&post=2206"}],"version-history":[{"count":2,"href":"https:\/\/www.frederic-clot.com\/index.php?rest_route=\/wp\/v2\/posts\/2206\/revisions"}],"predecessor-version":[{"id":2225,"href":"https:\/\/www.frederic-clot.com\/index.php?rest_route=\/wp\/v2\/posts\/2206\/revisions\/2225"}],"wp:featuredmedia":[{"embeddable":true,"href":"https:\/\/www.frederic-clot.com\/index.php?rest_route=\/wp\/v2\/media\/2207"}],"wp:attachment":[{"href":"https:\/\/www.frederic-clot.com\/index.php?rest_route=%2Fwp%2Fv2%2Fmedia&parent=2206"}],"wp:term":[{"taxonomy":"category","embeddable":true,"href":"https:\/\/www.frederic-clot.com\/index.php?rest_route=%2Fwp%2Fv2%2Fcategories&post=2206"},{"taxonomy":"post_tag","embeddable":true,"href":"https:\/\/www.frederic-clot.com\/index.php?rest_route=%2Fwp%2Fv2%2Ftags&post=2206"}],"curies":[{"name":"wp","href":"https:\/\/api.w.org\/{rel}","templated":true}]}}